{"id":2812,"date":"2026-02-11T19:13:09","date_gmt":"2026-02-11T19:13:09","guid":{"rendered":"https:\/\/tecnospan.es\/?p=2812"},"modified":"2026-02-11T19:13:42","modified_gmt":"2026-02-11T19:13:42","slug":"tecnospan-en-el-salon-internacional-de-maquinaria-de-obras-publicas-construccion-y-mineria-smopyc-2026","status":"publish","type":"post","link":"https:\/\/tecnospan.es\/en\/tecnospan-en-el-salon-internacional-de-maquinaria-de-obras-publicas-construccion-y-mineria-smopyc-2026\/","title":{"rendered":"TECNOSPAN at the International Exhibition\nof Public Works, Construction and Mining Machinery SMOPYC 2026"},"content":{"rendered":"<p><strong>TECNOSPAN<\/strong> will take part in the next edition of the SMOPYC Fair, which will be held from 15th to 18th april 2026 at the Zaragoza Exhibition Centre.<\/p>\n\n\n\n<p>During the fair, we will be at Stand 59\/61 in Hall 3, where we will present new developments in our technology and machinery for the prestressed concrete industry. \n\nWe will also be exhibiting innovative solutions to new trends in the construction sector.\n\nSmopyc is one of the most important events in the Public Works and Construction Machinery sector. This exhibition hosts a benchmark show for companies in the sector in the Iberian Peninsula, Southern Europe and North Africa.<\/p>\n\n\n\n<p><\/p>\n\n\n\n<figure class=\"wp-block-image aligncenter size-full is-resized\"><img fetchpriority=\"high\" decoding=\"async\" width=\"1938\" height=\"338\" src=\"https:\/\/tecnospan.es\/wp-content\/uploads\/2026\/02\/SMOPYC-2026-banner-PERSONALIZADO.png\" alt=\"\" class=\"wp-image-2813\" style=\"aspect-ratio:5.7340746624305;width:936px;height:auto\" srcset=\"https:\/\/tecnospan.es\/wp-content\/uploads\/2026\/02\/SMOPYC-2026-banner-PERSONALIZADO.png 1938w, https:\/\/tecnospan.es\/wp-content\/uploads\/2026\/02\/SMOPYC-2026-banner-PERSONALIZADO-300x52.png 300w, https:\/\/tecnospan.es\/wp-content\/uploads\/2026\/02\/SMOPYC-2026-banner-PERSONALIZADO-1024x179.png 1024w, https:\/\/tecnospan.es\/wp-content\/uploads\/2026\/02\/SMOPYC-2026-banner-PERSONALIZADO-768x134.png 768w, https:\/\/tecnospan.es\/wp-content\/uploads\/2026\/02\/SMOPYC-2026-banner-PERSONALIZADO-1536x268.png 1536w, https:\/\/tecnospan.es\/wp-content\/uploads\/2026\/02\/SMOPYC-2026-banner-PERSONALIZADO-18x3.png 18w\" sizes=\"(max-width: 1938px) 100vw, 1938px\" \/><\/figure>\n\n\n\n<p><\/p>","protected":false},"excerpt":{"rendered":"<p>TECNOSPAN will take part in the next edition of the SMOPYC Fair, which will be held from 15 to 18 April 2026 at the Zaragoza Exhibition Centre. During the fair, we will be at Stand 59\/61 in Pavilion 3, where we will be presenting our new developments in technology and machinery for the plastics industry, as well as our ...<\/p>\n<p class=\"read-more\"> <a class=\"\" href=\"https:\/\/tecnospan.es\/en\/tecnospan-en-el-salon-internacional-de-maquinaria-de-obras-publicas-construccion-y-mineria-smopyc-2026\/\"> <span class=\"screen-reader-text\">TECNOSPAN at the International Exhibition\nof Public Works, Construction and Mining Machinery SMOPYC 2026<\/span> Read More \"<\/a><\/p>","protected":false},"author":1,"featured_media":2813,"comment_status":"open","ping_status":"open","sticky":false,"template":"","format":"standard","meta":{"site-sidebar-layout":"default","site-content-layout":"default","ast-global-header-display":"","ast-banner-title-visibility":"","ast-main-header-display":"","ast-hfb-above-header-display":"","ast-hfb-below-header-display":"","ast-hfb-mobile-header-display":"","site-post-title":"","ast-breadcrumbs-content":"","ast-featured-img":"","footer-sml-layout":"","theme-transparent-header-meta":"","adv-header-id-meta":"","stick-header-meta":"","header-above-stick-meta":"","header-main-stick-meta":"","header-below-stick-meta":"","footnotes":""},"categories":[1],"tags":[],"class_list":["post-2812","post","type-post","status-publish","format-standard","has-post-thumbnail","hentry","category-uncategorized"],"yoast_head":"<!-- This site is optimized with the Yoast SEO plugin v26.0 - https:\/\/yoast.com\/wordpress\/plugins\/seo\/ -->\n<title>TECNOSPAN en el Sal\u00f3n Internacional de Maquinaria de Obras P\u00fablicas, Construcci\u00f3n y Miner\u00eda SMOPYC 2026 - Tecnospan<\/title>\n<meta name=\"robots\" content=\"index, follow, max-snippet:-1, max-image-preview:large, max-video-preview:-1\" \/>\n<link rel=\"canonical\" href=\"https:\/\/tecnospan.es\/en\/tecnospan-en-el-salon-internacional-de-maquinaria-de-obras-publicas-construccion-y-mineria-smopyc-2026\/\" \/>\n<meta property=\"og:locale\" content=\"en_GB\" \/>\n<meta property=\"og:type\" content=\"article\" \/>\n<meta property=\"og:title\" content=\"TECNOSPAN en el Sal\u00f3n Internacional de Maquinaria de Obras P\u00fablicas, Construcci\u00f3n y Miner\u00eda SMOPYC 2026 - Tecnospan\" \/>\n<meta property=\"og:description\" content=\"TECNOSPAN tomar\u00e1 parte en la pr\u00f3xima edici\u00f3n de la Feria SMOPYC, que se celebrar\u00e1 entre los d\u00edas 15 al 18&nbsp;de abril de 2026 en la Feria de Zaragoza. Durante la misma, estaremos en el Stand 59\/61 del Pabell\u00f3n 3, y en el mismo presentaremos los nuevos desarrollos de nuestra tecnolog\u00eda y maquinaria para la industria &hellip; TECNOSPAN en el Sal\u00f3n Internacional de Maquinaria de Obras P\u00fablicas, Construcci\u00f3n y Miner\u00eda SMOPYC 2026 Read More &raquo;\" \/>\n<meta property=\"og:url\" content=\"https:\/\/tecnospan.es\/en\/tecnospan-en-el-salon-internacional-de-maquinaria-de-obras-publicas-construccion-y-mineria-smopyc-2026\/\" \/>\n<meta property=\"og:site_name\" content=\"Tecnospan\" \/>\n<meta property=\"article:published_time\" content=\"2026-02-11T19:13:09+00:00\" \/>\n<meta property=\"article:modified_time\" content=\"2026-02-11T19:13:42+00:00\" \/>\n<meta property=\"og:image\" content=\"https:\/\/tecnospan.es\/wp-content\/uploads\/2026\/02\/SMOPYC-2026-banner-PERSONALIZADO.png\" \/>\n\t<meta property=\"og:image:width\" content=\"1938\" \/>\n\t<meta property=\"og:image:height\" content=\"338\" \/>\n\t<meta property=\"og:image:type\" content=\"image\/png\" \/>\n<meta name=\"author\" content=\"admin\" \/>\n<meta name=\"twitter:card\" content=\"summary_large_image\" \/>\n<meta name=\"twitter:label1\" content=\"Written by\" \/>\n\t<meta name=\"twitter:data1\" content=\"admin\" \/>\n\t<meta name=\"twitter:label2\" content=\"Estimated reading time\" \/>\n\t<meta name=\"twitter:data2\" content=\"1 minute\" \/>\n<script type=\"application\/ld+json\" class=\"yoast-schema-graph\">{\"@context\":\"https:\/\/schema.org\",\"@graph\":[{\"@type\":\"Article\",\"@id\":\"https:\/\/tecnospan.es\/tecnospan-en-el-salon-internacional-de-maquinaria-de-obras-publicas-construccion-y-mineria-smopyc-2026\/#article\",\"isPartOf\":{\"@id\":\"https:\/\/tecnospan.es\/tecnospan-en-el-salon-internacional-de-maquinaria-de-obras-publicas-construccion-y-mineria-smopyc-2026\/\"},\"author\":{\"name\":\"admin\",\"@id\":\"https:\/\/tecnospan.es\/#\/schema\/person\/d5047760c265475c8ca3098ec04c3b02\"},\"headline\":\"TECNOSPAN en el Sal\u00f3n Internacional de Maquinaria de Obras P\u00fablicas, Construcci\u00f3n y Miner\u00eda SMOPYC 2026\",\"datePublished\":\"2026-02-11T19:13:09+00:00\",\"dateModified\":\"2026-02-11T19:13:42+00:00\",\"mainEntityOfPage\":{\"@id\":\"https:\/\/tecnospan.es\/tecnospan-en-el-salon-internacional-de-maquinaria-de-obras-publicas-construccion-y-mineria-smopyc-2026\/\"},\"wordCount\":150,\"commentCount\":0,\"publisher\":{\"@id\":\"https:\/\/tecnospan.es\/#organization\"},\"image\":{\"@id\":\"https:\/\/tecnospan.es\/tecnospan-en-el-salon-internacional-de-maquinaria-de-obras-publicas-construccion-y-mineria-smopyc-2026\/#primaryimage\"},\"thumbnailUrl\":\"https:\/\/tecnospan.es\/wp-content\/uploads\/2026\/02\/SMOPYC-2026-banner-PERSONALIZADO.png\",\"articleSection\":[\"Uncategorized\"],\"inLanguage\":\"en-GB\",\"potentialAction\":[{\"@type\":\"CommentAction\",\"name\":\"Comment\",\"target\":[\"https:\/\/tecnospan.es\/tecnospan-en-el-salon-internacional-de-maquinaria-de-obras-publicas-construccion-y-mineria-smopyc-2026\/#respond\"]}]},{\"@type\":\"WebPage\",\"@id\":\"https:\/\/tecnospan.es\/tecnospan-en-el-salon-internacional-de-maquinaria-de-obras-publicas-construccion-y-mineria-smopyc-2026\/\",\"url\":\"https:\/\/tecnospan.es\/tecnospan-en-el-salon-internacional-de-maquinaria-de-obras-publicas-construccion-y-mineria-smopyc-2026\/\",\"name\":\"TECNOSPAN en el Sal\u00f3n Internacional de Maquinaria de Obras P\u00fablicas, Construcci\u00f3n y Miner\u00eda SMOPYC 2026 - Tecnospan\",\"isPartOf\":{\"@id\":\"https:\/\/tecnospan.es\/#website\"},\"primaryImageOfPage\":{\"@id\":\"https:\/\/tecnospan.es\/tecnospan-en-el-salon-internacional-de-maquinaria-de-obras-publicas-construccion-y-mineria-smopyc-2026\/#primaryimage\"},\"image\":{\"@id\":\"https:\/\/tecnospan.es\/tecnospan-en-el-salon-internacional-de-maquinaria-de-obras-publicas-construccion-y-mineria-smopyc-2026\/#primaryimage\"},\"thumbnailUrl\":\"https:\/\/tecnospan.es\/wp-content\/uploads\/2026\/02\/SMOPYC-2026-banner-PERSONALIZADO.png\",\"datePublished\":\"2026-02-11T19:13:09+00:00\",\"dateModified\":\"2026-02-11T19:13:42+00:00\",\"breadcrumb\":{\"@id\":\"https:\/\/tecnospan.es\/tecnospan-en-el-salon-internacional-de-maquinaria-de-obras-publicas-construccion-y-mineria-smopyc-2026\/#breadcrumb\"},\"inLanguage\":\"en-GB\",\"potentialAction\":[{\"@type\":\"ReadAction\",\"target\":[\"https:\/\/tecnospan.es\/tecnospan-en-el-salon-internacional-de-maquinaria-de-obras-publicas-construccion-y-mineria-smopyc-2026\/\"]}]},{\"@type\":\"ImageObject\",\"inLanguage\":\"en-GB\",\"@id\":\"https:\/\/tecnospan.es\/tecnospan-en-el-salon-internacional-de-maquinaria-de-obras-publicas-construccion-y-mineria-smopyc-2026\/#primaryimage\",\"url\":\"https:\/\/tecnospan.es\/wp-content\/uploads\/2026\/02\/SMOPYC-2026-banner-PERSONALIZADO.png\",\"contentUrl\":\"https:\/\/tecnospan.es\/wp-content\/uploads\/2026\/02\/SMOPYC-2026-banner-PERSONALIZADO.png\",\"width\":1938,\"height\":338},{\"@type\":\"BreadcrumbList\",\"@id\":\"https:\/\/tecnospan.es\/tecnospan-en-el-salon-internacional-de-maquinaria-de-obras-publicas-construccion-y-mineria-smopyc-2026\/#breadcrumb\",\"itemListElement\":[{\"@type\":\"ListItem\",\"position\":1,\"name\":\"Portada\",\"item\":\"https:\/\/tecnospan.es\/\"},{\"@type\":\"ListItem\",\"position\":2,\"name\":\"TECNOSPAN en el Sal\u00f3n Internacional de Maquinaria de Obras P\u00fablicas, Construcci\u00f3n y Miner\u00eda SMOPYC 2026\"}]},{\"@type\":\"WebSite\",\"@id\":\"https:\/\/tecnospan.es\/#website\",\"url\":\"https:\/\/tecnospan.es\/\",\"name\":\"Tecnospan\",\"description\":\"\",\"publisher\":{\"@id\":\"https:\/\/tecnospan.es\/#organization\"},\"potentialAction\":[{\"@type\":\"SearchAction\",\"target\":{\"@type\":\"EntryPoint\",\"urlTemplate\":\"https:\/\/tecnospan.es\/?s={search_term_string}\"},\"query-input\":{\"@type\":\"PropertyValueSpecification\",\"valueRequired\":true,\"valueName\":\"search_term_string\"}}],\"inLanguage\":\"en-GB\"},{\"@type\":\"Organization\",\"@id\":\"https:\/\/tecnospan.es\/#organization\",\"name\":\"Tecnospan\",\"url\":\"https:\/\/tecnospan.es\/\",\"logo\":{\"@type\":\"ImageObject\",\"inLanguage\":\"en-GB\",\"@id\":\"https:\/\/tecnospan.es\/#\/schema\/logo\/image\/\",\"url\":\"https:\/\/tecnospan.es\/wp-content\/uploads\/2023\/06\/logoTecnospan.png\",\"contentUrl\":\"https:\/\/tecnospan.es\/wp-content\/uploads\/2023\/06\/logoTecnospan.png\",\"width\":300,\"height\":72,\"caption\":\"Tecnospan\"},\"image\":{\"@id\":\"https:\/\/tecnospan.es\/#\/schema\/logo\/image\/\"}},{\"@type\":\"Person\",\"@id\":\"https:\/\/tecnospan.es\/#\/schema\/person\/d5047760c265475c8ca3098ec04c3b02\",\"name\":\"admin\",\"image\":{\"@type\":\"ImageObject\",\"inLanguage\":\"en-GB\",\"@id\":\"https:\/\/tecnospan.es\/#\/schema\/person\/image\/\",\"url\":\"https:\/\/secure.gravatar.com\/avatar\/ea13c8c80ec577f522042e68a1c700aa686161cc61c1e31b41cdc9d52c9be6e5?s=96&d=mm&r=g\",\"contentUrl\":\"https:\/\/secure.gravatar.com\/avatar\/ea13c8c80ec577f522042e68a1c700aa686161cc61c1e31b41cdc9d52c9be6e5?s=96&d=mm&r=g\",\"caption\":\"admin\"},\"sameAs\":[\"http:\/\/tecnospan.es\"],\"url\":\"https:\/\/tecnospan.es\/en\/author\/admin\/\"}]}<\/script>\n<!-- \/ Yoast SEO plugin. -->","yoast_head_json":{"title":"TECNOSPAN en el Sal\u00f3n Internacional de Maquinaria de Obras P\u00fablicas, Construcci\u00f3n y Miner\u00eda SMOPYC 2026 - Tecnospan","robots":{"index":"index","follow":"follow","max-snippet":"max-snippet:-1","max-image-preview":"max-image-preview:large","max-video-preview":"max-video-preview:-1"},"canonical":"https:\/\/tecnospan.es\/en\/tecnospan-en-el-salon-internacional-de-maquinaria-de-obras-publicas-construccion-y-mineria-smopyc-2026\/","og_locale":"en_GB","og_type":"article","og_title":"TECNOSPAN en el Sal\u00f3n Internacional de Maquinaria de Obras P\u00fablicas, Construcci\u00f3n y Miner\u00eda SMOPYC 2026 - Tecnospan","og_description":"TECNOSPAN tomar\u00e1 parte en la pr\u00f3xima edici\u00f3n de la Feria SMOPYC, que se celebrar\u00e1 entre los d\u00edas 15 al 18&nbsp;de abril de 2026 en la Feria de Zaragoza. Durante la misma, estaremos en el Stand 59\/61 del Pabell\u00f3n 3, y en el mismo presentaremos los nuevos desarrollos de nuestra tecnolog\u00eda y maquinaria para la industria &hellip; TECNOSPAN en el Sal\u00f3n Internacional de Maquinaria de Obras P\u00fablicas, Construcci\u00f3n y Miner\u00eda SMOPYC 2026 Read More &raquo;","og_url":"https:\/\/tecnospan.es\/en\/tecnospan-en-el-salon-internacional-de-maquinaria-de-obras-publicas-construccion-y-mineria-smopyc-2026\/","og_site_name":"Tecnospan","article_published_time":"2026-02-11T19:13:09+00:00","article_modified_time":"2026-02-11T19:13:42+00:00","og_image":[{"width":1938,"height":338,"url":"https:\/\/tecnospan.es\/wp-content\/uploads\/2026\/02\/SMOPYC-2026-banner-PERSONALIZADO.png","type":"image\/png"}],"author":"admin","twitter_card":"summary_large_image","twitter_misc":{"Written by":"admin","Estimated reading time":"1 minute"},"schema":{"@context":"https:\/\/schema.org","@graph":[{"@type":"Article","@id":"https:\/\/tecnospan.es\/tecnospan-en-el-salon-internacional-de-maquinaria-de-obras-publicas-construccion-y-mineria-smopyc-2026\/#article","isPartOf":{"@id":"https:\/\/tecnospan.es\/tecnospan-en-el-salon-internacional-de-maquinaria-de-obras-publicas-construccion-y-mineria-smopyc-2026\/"},"author":{"name":"admin","@id":"https:\/\/tecnospan.es\/#\/schema\/person\/d5047760c265475c8ca3098ec04c3b02"},"headline":"TECNOSPAN en el Sal\u00f3n Internacional de Maquinaria de Obras P\u00fablicas, Construcci\u00f3n y Miner\u00eda SMOPYC 2026","datePublished":"2026-02-11T19:13:09+00:00","dateModified":"2026-02-11T19:13:42+00:00","mainEntityOfPage":{"@id":"https:\/\/tecnospan.es\/tecnospan-en-el-salon-internacional-de-maquinaria-de-obras-publicas-construccion-y-mineria-smopyc-2026\/"},"wordCount":150,"commentCount":0,"publisher":{"@id":"https:\/\/tecnospan.es\/#organization"},"image":{"@id":"https:\/\/tecnospan.es\/tecnospan-en-el-salon-internacional-de-maquinaria-de-obras-publicas-construccion-y-mineria-smopyc-2026\/#primaryimage"},"thumbnailUrl":"https:\/\/tecnospan.es\/wp-content\/uploads\/2026\/02\/SMOPYC-2026-banner-PERSONALIZADO.png","articleSection":["Uncategorized"],"inLanguage":"en-GB","potentialAction":[{"@type":"CommentAction","name":"Comment","target":["https:\/\/tecnospan.es\/tecnospan-en-el-salon-internacional-de-maquinaria-de-obras-publicas-construccion-y-mineria-smopyc-2026\/#respond"]}]},{"@type":"WebPage","@id":"https:\/\/tecnospan.es\/tecnospan-en-el-salon-internacional-de-maquinaria-de-obras-publicas-construccion-y-mineria-smopyc-2026\/","url":"https:\/\/tecnospan.es\/tecnospan-en-el-salon-internacional-de-maquinaria-de-obras-publicas-construccion-y-mineria-smopyc-2026\/","name":"TECNOSPAN en el Sal\u00f3n Internacional de Maquinaria de Obras P\u00fablicas, Construcci\u00f3n y Miner\u00eda SMOPYC 2026 - Tecnospan","isPartOf":{"@id":"https:\/\/tecnospan.es\/#website"},"primaryImageOfPage":{"@id":"https:\/\/tecnospan.es\/tecnospan-en-el-salon-internacional-de-maquinaria-de-obras-publicas-construccion-y-mineria-smopyc-2026\/#primaryimage"},"image":{"@id":"https:\/\/tecnospan.es\/tecnospan-en-el-salon-internacional-de-maquinaria-de-obras-publicas-construccion-y-mineria-smopyc-2026\/#primaryimage"},"thumbnailUrl":"https:\/\/tecnospan.es\/wp-content\/uploads\/2026\/02\/SMOPYC-2026-banner-PERSONALIZADO.png","datePublished":"2026-02-11T19:13:09+00:00","dateModified":"2026-02-11T19:13:42+00:00","breadcrumb":{"@id":"https:\/\/tecnospan.es\/tecnospan-en-el-salon-internacional-de-maquinaria-de-obras-publicas-construccion-y-mineria-smopyc-2026\/#breadcrumb"},"inLanguage":"en-GB","potentialAction":[{"@type":"ReadAction","target":["https:\/\/tecnospan.es\/tecnospan-en-el-salon-internacional-de-maquinaria-de-obras-publicas-construccion-y-mineria-smopyc-2026\/"]}]},{"@type":"ImageObject","inLanguage":"en-GB","@id":"https:\/\/tecnospan.es\/tecnospan-en-el-salon-internacional-de-maquinaria-de-obras-publicas-construccion-y-mineria-smopyc-2026\/#primaryimage","url":"https:\/\/tecnospan.es\/wp-content\/uploads\/2026\/02\/SMOPYC-2026-banner-PERSONALIZADO.png","contentUrl":"https:\/\/tecnospan.es\/wp-content\/uploads\/2026\/02\/SMOPYC-2026-banner-PERSONALIZADO.png","width":1938,"height":338},{"@type":"BreadcrumbList","@id":"https:\/\/tecnospan.es\/tecnospan-en-el-salon-internacional-de-maquinaria-de-obras-publicas-construccion-y-mineria-smopyc-2026\/#breadcrumb","itemListElement":[{"@type":"ListItem","position":1,"name":"Portada","item":"https:\/\/tecnospan.es\/"},{"@type":"ListItem","position":2,"name":"TECNOSPAN en el Sal\u00f3n Internacional de Maquinaria de Obras P\u00fablicas, Construcci\u00f3n y Miner\u00eda SMOPYC 2026"}]},{"@type":"WebSite","@id":"https:\/\/tecnospan.es\/#website","url":"https:\/\/tecnospan.es\/","name":"Tecnospan","description":"","publisher":{"@id":"https:\/\/tecnospan.es\/#organization"},"potentialAction":[{"@type":"SearchAction","target":{"@type":"EntryPoint","urlTemplate":"https:\/\/tecnospan.es\/?s={search_term_string}"},"query-input":{"@type":"PropertyValueSpecification","valueRequired":true,"valueName":"search_term_string"}}],"inLanguage":"en-GB"},{"@type":"Organization","@id":"https:\/\/tecnospan.es\/#organization","name":"Tecnospan","url":"https:\/\/tecnospan.es\/","logo":{"@type":"ImageObject","inLanguage":"en-GB","@id":"https:\/\/tecnospan.es\/#\/schema\/logo\/image\/","url":"https:\/\/tecnospan.es\/wp-content\/uploads\/2023\/06\/logoTecnospan.png","contentUrl":"https:\/\/tecnospan.es\/wp-content\/uploads\/2023\/06\/logoTecnospan.png","width":300,"height":72,"caption":"Tecnospan"},"image":{"@id":"https:\/\/tecnospan.es\/#\/schema\/logo\/image\/"}},{"@type":"Person","@id":"https:\/\/tecnospan.es\/#\/schema\/person\/d5047760c265475c8ca3098ec04c3b02","name":"admin","image":{"@type":"ImageObject","inLanguage":"en-GB","@id":"https:\/\/tecnospan.es\/#\/schema\/person\/image\/","url":"https:\/\/secure.gravatar.com\/avatar\/ea13c8c80ec577f522042e68a1c700aa686161cc61c1e31b41cdc9d52c9be6e5?s=96&d=mm&r=g","contentUrl":"https:\/\/secure.gravatar.com\/avatar\/ea13c8c80ec577f522042e68a1c700aa686161cc61c1e31b41cdc9d52c9be6e5?s=96&d=mm&r=g","caption":"admin"},"sameAs":["http:\/\/tecnospan.es"],"url":"https:\/\/tecnospan.es\/en\/author\/admin\/"}]}},"_links":{"self":[{"href":"https:\/\/tecnospan.es\/en\/wp-json\/wp\/v2\/posts\/2812","targetHints":{"allow":["GET"]}}],"collection":[{"href":"https:\/\/tecnospan.es\/en\/wp-json\/wp\/v2\/posts"}],"about":[{"href":"https:\/\/tecnospan.es\/en\/wp-json\/wp\/v2\/types\/post"}],"author":[{"embeddable":true,"href":"https:\/\/tecnospan.es\/en\/wp-json\/wp\/v2\/users\/1"}],"replies":[{"embeddable":true,"href":"https:\/\/tecnospan.es\/en\/wp-json\/wp\/v2\/comments?post=2812"}],"version-history":[{"count":1,"href":"https:\/\/tecnospan.es\/en\/wp-json\/wp\/v2\/posts\/2812\/revisions"}],"predecessor-version":[{"id":2814,"href":"https:\/\/tecnospan.es\/en\/wp-json\/wp\/v2\/posts\/2812\/revisions\/2814"}],"wp:featuredmedia":[{"embeddable":true,"href":"https:\/\/tecnospan.es\/en\/wp-json\/wp\/v2\/media\/2813"}],"wp:attachment":[{"href":"https:\/\/tecnospan.es\/en\/wp-json\/wp\/v2\/media?parent=2812"}],"wp:term":[{"taxonomy":"category","embeddable":true,"href":"https:\/\/tecnospan.es\/en\/wp-json\/wp\/v2\/categories?post=2812"},{"taxonomy":"post_tag","embeddable":true,"href":"https:\/\/tecnospan.es\/en\/wp-json\/wp\/v2\/tags?post=2812"}],"curies":[{"name":"wp","href":"https:\/\/api.w.org\/{rel}","templated":true}]}}