{"id":1099,"date":"2023-11-08T11:59:56","date_gmt":"2023-11-08T11:59:56","guid":{"rendered":"https:\/\/tecnospan.es\/?p=1099"},"modified":"2023-11-08T11:59:57","modified_gmt":"2023-11-08T11:59:57","slug":"tecnospan-en-el-salon-internacional-de-maquinaria-de-obras-publicas-construccion-y-mineria-smopyc-2023","status":"publish","type":"post","link":"https:\/\/tecnospan.es\/fr\/tecnospan-en-el-salon-internacional-de-maquinaria-de-obras-publicas-construccion-y-mineria-smopyc-2023\/","title":{"rendered":"TECNOSPAN au Salon international des machines de travaux publics, de construction et d'exploitation mini\u00e8re SMOPYC 2023"},"content":{"rendered":"<p>TECNOSPAN participera \u00e0 la prochaine \u00e9dition du salon SMOPYC, qui se tiendra du 22 au 25 novembre 2023 au parc des expositions de Saragosse.<br>Pendant l'exposition, nous serons au stand 7\/8 dans le hall 3, o\u00f9 nous pr\u00e9senterons les derniers d\u00e9veloppements de notre technologie et de nos machines pour l'industrie de la viande.<br>l'industrie du b\u00e9ton pr\u00e9contraint. Nous pr\u00e9senterons \u00e9galement des solutions innovantes pour r\u00e9pondre aux nouvelles tendances de l'industrie du b\u00e9ton pr\u00e9contraint.<br>construction.<\/p>\n\n\n\n<p>Smopyc est l'un des \u00e9v\u00e9nements les plus importants du secteur des travaux publics et des machines de construction. Le centre d'exposition d'Aragon accueille un salon de r\u00e9f\u00e9rence pour le secteur des travaux publics et des machines de construction.<br>Le salon est l'occasion pour les entreprises du secteur de la p\u00e9ninsule ib\u00e9rique, de l'Europe du Sud et de l'Afrique du Nord de se rencontrer et d'\u00e9changer leurs points de vue. Cette ann\u00e9e, il y aura plus de 800 exposants et 82 000 m2 d'espace d'exposition.<\/p>\n\n\n\n<figure class=\"wp-block-image size-full\"><img fetchpriority=\"high\" decoding=\"async\" width=\"748\" height=\"311\" src=\"https:\/\/tecnospan.es\/wp-content\/uploads\/2023\/11\/smopyc-2023-Noticia-nov.png\" alt=\"\" class=\"wp-image-1101\" srcset=\"https:\/\/tecnospan.es\/wp-content\/uploads\/2023\/11\/smopyc-2023-Noticia-nov.png 748w, https:\/\/tecnospan.es\/wp-content\/uploads\/2023\/11\/smopyc-2023-Noticia-nov-300x125.png 300w\" sizes=\"(max-width: 748px) 100vw, 748px\" \/><\/figure>","protected":false},"excerpt":{"rendered":"<p>TECNOSPAN participera \u00e0 la prochaine \u00e9dition du salon SMOPYC, qui se tiendra du 22 au 25 novembre 2023 au parc des expositions de Saragosse, o\u00f9 nous serons pr\u00e9sents au stand 7\/8 du hall 3, o\u00f9 nous pr\u00e9senterons les nouveaux d\u00e9veloppements de notre technologie et de nos machines pour l'industrie agroalimentaire.<\/p>\n<p class=\"read-more\"> <a class=\"\" href=\"https:\/\/tecnospan.es\/fr\/tecnospan-en-el-salon-internacional-de-maquinaria-de-obras-publicas-construccion-y-mineria-smopyc-2023\/\"> <span class=\"screen-reader-text\">TECNOSPAN au Salon international des machines de travaux publics, de construction et d'exploitation mini\u00e8re SMOPYC 2023<\/span> Lire la suite \"<\/a><\/p>","protected":false},"author":1,"featured_media":1101,"comment_status":"open","ping_status":"open","sticky":false,"template":"","format":"standard","meta":{"site-sidebar-layout":"default","site-content-layout":"default","ast-global-header-display":"","ast-banner-title-visibility":"","ast-main-header-display":"","ast-hfb-above-header-display":"","ast-hfb-below-header-display":"","ast-hfb-mobile-header-display":"","site-post-title":"","ast-breadcrumbs-content":"","ast-featured-img":"","footer-sml-layout":"","theme-transparent-header-meta":"","adv-header-id-meta":"","stick-header-meta":"","header-above-stick-meta":"","header-main-stick-meta":"","header-below-stick-meta":"","footnotes":""},"categories":[1],"tags":[],"class_list":["post-1099","post","type-post","status-publish","format-standard","has-post-thumbnail","hentry","category-uncategorized"],"yoast_head":"<!-- This site is optimized with the Yoast SEO plugin v26.0 - https:\/\/yoast.com\/wordpress\/plugins\/seo\/ -->\n<title>TECNOSPAN en el Sal\u00f3n Internacional de Maquinaria de Obras P\u00fablicas, Construcci\u00f3n y Miner\u00eda SMOPYC 2023 - Tecnospan<\/title>\n<meta name=\"robots\" content=\"index, follow, max-snippet:-1, max-image-preview:large, max-video-preview:-1\" \/>\n<link rel=\"canonical\" href=\"https:\/\/tecnospan.es\/fr\/tecnospan-en-el-salon-internacional-de-maquinaria-de-obras-publicas-construccion-y-mineria-smopyc-2023\/\" \/>\n<meta property=\"og:locale\" content=\"fr_FR\" \/>\n<meta property=\"og:type\" content=\"article\" \/>\n<meta property=\"og:title\" content=\"TECNOSPAN en el Sal\u00f3n Internacional de Maquinaria de Obras P\u00fablicas, Construcci\u00f3n y Miner\u00eda SMOPYC 2023 - Tecnospan\" \/>\n<meta property=\"og:description\" content=\"TECNOSPAN tomar\u00e1 parte en la pr\u00f3xima edici\u00f3n de la Feria SMOPYC, que se celebrar\u00e1 entre los d\u00edas 22 al 25 de noviembre de 2023 en la Feria de Zaragoza.Durante la misma, estaremos en el Stand 7\/8 del Pabell\u00f3n 3, y en el mismo presentaremos los nuevos desarrollos de nuestra tecnolog\u00eda y maquinaria para laindustria de &hellip; TECNOSPAN en el Sal\u00f3n Internacional de Maquinaria de Obras P\u00fablicas, Construcci\u00f3n y Miner\u00eda SMOPYC 2023 Lire la suite\u00a0\u00bb\" \/>\n<meta property=\"og:url\" content=\"https:\/\/tecnospan.es\/fr\/tecnospan-en-el-salon-internacional-de-maquinaria-de-obras-publicas-construccion-y-mineria-smopyc-2023\/\" \/>\n<meta property=\"og:site_name\" content=\"Tecnospan\" \/>\n<meta property=\"article:published_time\" content=\"2023-11-08T11:59:56+00:00\" \/>\n<meta property=\"article:modified_time\" content=\"2023-11-08T11:59:57+00:00\" \/>\n<meta property=\"og:image\" content=\"https:\/\/tecnospan.es\/wp-content\/uploads\/2023\/11\/smopyc-2023-Noticia-nov.png\" \/>\n\t<meta property=\"og:image:width\" content=\"748\" \/>\n\t<meta property=\"og:image:height\" content=\"311\" \/>\n\t<meta property=\"og:image:type\" content=\"image\/png\" \/>\n<meta name=\"author\" content=\"admin\" \/>\n<meta name=\"twitter:card\" content=\"summary_large_image\" \/>\n<meta name=\"twitter:label1\" content=\"\u00c9crit par\" \/>\n\t<meta name=\"twitter:data1\" content=\"admin\" \/>\n\t<meta name=\"twitter:label2\" content=\"Dur\u00e9e de lecture estim\u00e9e\" \/>\n\t<meta name=\"twitter:data2\" content=\"1 minute\" \/>\n<script type=\"application\/ld+json\" class=\"yoast-schema-graph\">{\"@context\":\"https:\/\/schema.org\",\"@graph\":[{\"@type\":\"Article\",\"@id\":\"https:\/\/tecnospan.es\/tecnospan-en-el-salon-internacional-de-maquinaria-de-obras-publicas-construccion-y-mineria-smopyc-2023\/#article\",\"isPartOf\":{\"@id\":\"https:\/\/tecnospan.es\/tecnospan-en-el-salon-internacional-de-maquinaria-de-obras-publicas-construccion-y-mineria-smopyc-2023\/\"},\"author\":{\"name\":\"admin\",\"@id\":\"https:\/\/tecnospan.es\/#\/schema\/person\/d5047760c265475c8ca3098ec04c3b02\"},\"headline\":\"TECNOSPAN en el Sal\u00f3n Internacional de Maquinaria de Obras P\u00fablicas, Construcci\u00f3n y Miner\u00eda SMOPYC 2023\",\"datePublished\":\"2023-11-08T11:59:56+00:00\",\"dateModified\":\"2023-11-08T11:59:57+00:00\",\"mainEntityOfPage\":{\"@id\":\"https:\/\/tecnospan.es\/tecnospan-en-el-salon-internacional-de-maquinaria-de-obras-publicas-construccion-y-mineria-smopyc-2023\/\"},\"wordCount\":160,\"commentCount\":0,\"publisher\":{\"@id\":\"https:\/\/tecnospan.es\/#organization\"},\"image\":{\"@id\":\"https:\/\/tecnospan.es\/tecnospan-en-el-salon-internacional-de-maquinaria-de-obras-publicas-construccion-y-mineria-smopyc-2023\/#primaryimage\"},\"thumbnailUrl\":\"https:\/\/tecnospan.es\/wp-content\/uploads\/2023\/11\/smopyc-2023-Noticia-nov.png\",\"articleSection\":[\"Uncategorized\"],\"inLanguage\":\"fr-FR\",\"potentialAction\":[{\"@type\":\"CommentAction\",\"name\":\"Comment\",\"target\":[\"https:\/\/tecnospan.es\/tecnospan-en-el-salon-internacional-de-maquinaria-de-obras-publicas-construccion-y-mineria-smopyc-2023\/#respond\"]}]},{\"@type\":\"WebPage\",\"@id\":\"https:\/\/tecnospan.es\/tecnospan-en-el-salon-internacional-de-maquinaria-de-obras-publicas-construccion-y-mineria-smopyc-2023\/\",\"url\":\"https:\/\/tecnospan.es\/tecnospan-en-el-salon-internacional-de-maquinaria-de-obras-publicas-construccion-y-mineria-smopyc-2023\/\",\"name\":\"TECNOSPAN en el Sal\u00f3n Internacional de Maquinaria de Obras P\u00fablicas, Construcci\u00f3n y Miner\u00eda SMOPYC 2023 - Tecnospan\",\"isPartOf\":{\"@id\":\"https:\/\/tecnospan.es\/#website\"},\"primaryImageOfPage\":{\"@id\":\"https:\/\/tecnospan.es\/tecnospan-en-el-salon-internacional-de-maquinaria-de-obras-publicas-construccion-y-mineria-smopyc-2023\/#primaryimage\"},\"image\":{\"@id\":\"https:\/\/tecnospan.es\/tecnospan-en-el-salon-internacional-de-maquinaria-de-obras-publicas-construccion-y-mineria-smopyc-2023\/#primaryimage\"},\"thumbnailUrl\":\"https:\/\/tecnospan.es\/wp-content\/uploads\/2023\/11\/smopyc-2023-Noticia-nov.png\",\"datePublished\":\"2023-11-08T11:59:56+00:00\",\"dateModified\":\"2023-11-08T11:59:57+00:00\",\"breadcrumb\":{\"@id\":\"https:\/\/tecnospan.es\/tecnospan-en-el-salon-internacional-de-maquinaria-de-obras-publicas-construccion-y-mineria-smopyc-2023\/#breadcrumb\"},\"inLanguage\":\"fr-FR\",\"potentialAction\":[{\"@type\":\"ReadAction\",\"target\":[\"https:\/\/tecnospan.es\/tecnospan-en-el-salon-internacional-de-maquinaria-de-obras-publicas-construccion-y-mineria-smopyc-2023\/\"]}]},{\"@type\":\"ImageObject\",\"inLanguage\":\"fr-FR\",\"@id\":\"https:\/\/tecnospan.es\/tecnospan-en-el-salon-internacional-de-maquinaria-de-obras-publicas-construccion-y-mineria-smopyc-2023\/#primaryimage\",\"url\":\"https:\/\/tecnospan.es\/wp-content\/uploads\/2023\/11\/smopyc-2023-Noticia-nov.png\",\"contentUrl\":\"https:\/\/tecnospan.es\/wp-content\/uploads\/2023\/11\/smopyc-2023-Noticia-nov.png\",\"width\":748,\"height\":311},{\"@type\":\"BreadcrumbList\",\"@id\":\"https:\/\/tecnospan.es\/tecnospan-en-el-salon-internacional-de-maquinaria-de-obras-publicas-construccion-y-mineria-smopyc-2023\/#breadcrumb\",\"itemListElement\":[{\"@type\":\"ListItem\",\"position\":1,\"name\":\"Portada\",\"item\":\"https:\/\/tecnospan.es\/\"},{\"@type\":\"ListItem\",\"position\":2,\"name\":\"TECNOSPAN en el Sal\u00f3n Internacional de Maquinaria de Obras P\u00fablicas, Construcci\u00f3n y Miner\u00eda SMOPYC 2023\"}]},{\"@type\":\"WebSite\",\"@id\":\"https:\/\/tecnospan.es\/#website\",\"url\":\"https:\/\/tecnospan.es\/\",\"name\":\"Tecnospan\",\"description\":\"\",\"publisher\":{\"@id\":\"https:\/\/tecnospan.es\/#organization\"},\"potentialAction\":[{\"@type\":\"SearchAction\",\"target\":{\"@type\":\"EntryPoint\",\"urlTemplate\":\"https:\/\/tecnospan.es\/?s={search_term_string}\"},\"query-input\":{\"@type\":\"PropertyValueSpecification\",\"valueRequired\":true,\"valueName\":\"search_term_string\"}}],\"inLanguage\":\"fr-FR\"},{\"@type\":\"Organization\",\"@id\":\"https:\/\/tecnospan.es\/#organization\",\"name\":\"Tecnospan\",\"url\":\"https:\/\/tecnospan.es\/\",\"logo\":{\"@type\":\"ImageObject\",\"inLanguage\":\"fr-FR\",\"@id\":\"https:\/\/tecnospan.es\/#\/schema\/logo\/image\/\",\"url\":\"https:\/\/tecnospan.es\/wp-content\/uploads\/2023\/06\/logoTecnospan.png\",\"contentUrl\":\"https:\/\/tecnospan.es\/wp-content\/uploads\/2023\/06\/logoTecnospan.png\",\"width\":300,\"height\":72,\"caption\":\"Tecnospan\"},\"image\":{\"@id\":\"https:\/\/tecnospan.es\/#\/schema\/logo\/image\/\"}},{\"@type\":\"Person\",\"@id\":\"https:\/\/tecnospan.es\/#\/schema\/person\/d5047760c265475c8ca3098ec04c3b02\",\"name\":\"admin\",\"image\":{\"@type\":\"ImageObject\",\"inLanguage\":\"fr-FR\",\"@id\":\"https:\/\/tecnospan.es\/#\/schema\/person\/image\/\",\"url\":\"https:\/\/secure.gravatar.com\/avatar\/ea13c8c80ec577f522042e68a1c700aa686161cc61c1e31b41cdc9d52c9be6e5?s=96&d=mm&r=g\",\"contentUrl\":\"https:\/\/secure.gravatar.com\/avatar\/ea13c8c80ec577f522042e68a1c700aa686161cc61c1e31b41cdc9d52c9be6e5?s=96&d=mm&r=g\",\"caption\":\"admin\"},\"sameAs\":[\"http:\/\/tecnospan.es\"],\"url\":\"https:\/\/tecnospan.es\/fr\/author\/admin\/\"}]}<\/script>\n<!-- \/ Yoast SEO plugin. -->","yoast_head_json":{"title":"TECNOSPAN en el Sal\u00f3n Internacional de Maquinaria de Obras P\u00fablicas, Construcci\u00f3n y Miner\u00eda SMOPYC 2023 - Tecnospan","robots":{"index":"index","follow":"follow","max-snippet":"max-snippet:-1","max-image-preview":"max-image-preview:large","max-video-preview":"max-video-preview:-1"},"canonical":"https:\/\/tecnospan.es\/fr\/tecnospan-en-el-salon-internacional-de-maquinaria-de-obras-publicas-construccion-y-mineria-smopyc-2023\/","og_locale":"fr_FR","og_type":"article","og_title":"TECNOSPAN en el Sal\u00f3n Internacional de Maquinaria de Obras P\u00fablicas, Construcci\u00f3n y Miner\u00eda SMOPYC 2023 - Tecnospan","og_description":"TECNOSPAN tomar\u00e1 parte en la pr\u00f3xima edici\u00f3n de la Feria SMOPYC, que se celebrar\u00e1 entre los d\u00edas 22 al 25 de noviembre de 2023 en la Feria de Zaragoza.Durante la misma, estaremos en el Stand 7\/8 del Pabell\u00f3n 3, y en el mismo presentaremos los nuevos desarrollos de nuestra tecnolog\u00eda y maquinaria para laindustria de &hellip; TECNOSPAN en el Sal\u00f3n Internacional de Maquinaria de Obras P\u00fablicas, Construcci\u00f3n y Miner\u00eda SMOPYC 2023 Lire la suite\u00a0\u00bb","og_url":"https:\/\/tecnospan.es\/fr\/tecnospan-en-el-salon-internacional-de-maquinaria-de-obras-publicas-construccion-y-mineria-smopyc-2023\/","og_site_name":"Tecnospan","article_published_time":"2023-11-08T11:59:56+00:00","article_modified_time":"2023-11-08T11:59:57+00:00","og_image":[{"width":748,"height":311,"url":"https:\/\/tecnospan.es\/wp-content\/uploads\/2023\/11\/smopyc-2023-Noticia-nov.png","type":"image\/png"}],"author":"admin","twitter_card":"summary_large_image","twitter_misc":{"\u00c9crit par":"admin","Dur\u00e9e de lecture estim\u00e9e":"1 minute"},"schema":{"@context":"https:\/\/schema.org","@graph":[{"@type":"Article","@id":"https:\/\/tecnospan.es\/tecnospan-en-el-salon-internacional-de-maquinaria-de-obras-publicas-construccion-y-mineria-smopyc-2023\/#article","isPartOf":{"@id":"https:\/\/tecnospan.es\/tecnospan-en-el-salon-internacional-de-maquinaria-de-obras-publicas-construccion-y-mineria-smopyc-2023\/"},"author":{"name":"admin","@id":"https:\/\/tecnospan.es\/#\/schema\/person\/d5047760c265475c8ca3098ec04c3b02"},"headline":"TECNOSPAN en el Sal\u00f3n Internacional de Maquinaria de Obras P\u00fablicas, Construcci\u00f3n y Miner\u00eda SMOPYC 2023","datePublished":"2023-11-08T11:59:56+00:00","dateModified":"2023-11-08T11:59:57+00:00","mainEntityOfPage":{"@id":"https:\/\/tecnospan.es\/tecnospan-en-el-salon-internacional-de-maquinaria-de-obras-publicas-construccion-y-mineria-smopyc-2023\/"},"wordCount":160,"commentCount":0,"publisher":{"@id":"https:\/\/tecnospan.es\/#organization"},"image":{"@id":"https:\/\/tecnospan.es\/tecnospan-en-el-salon-internacional-de-maquinaria-de-obras-publicas-construccion-y-mineria-smopyc-2023\/#primaryimage"},"thumbnailUrl":"https:\/\/tecnospan.es\/wp-content\/uploads\/2023\/11\/smopyc-2023-Noticia-nov.png","articleSection":["Uncategorized"],"inLanguage":"fr-FR","potentialAction":[{"@type":"CommentAction","name":"Comment","target":["https:\/\/tecnospan.es\/tecnospan-en-el-salon-internacional-de-maquinaria-de-obras-publicas-construccion-y-mineria-smopyc-2023\/#respond"]}]},{"@type":"WebPage","@id":"https:\/\/tecnospan.es\/tecnospan-en-el-salon-internacional-de-maquinaria-de-obras-publicas-construccion-y-mineria-smopyc-2023\/","url":"https:\/\/tecnospan.es\/tecnospan-en-el-salon-internacional-de-maquinaria-de-obras-publicas-construccion-y-mineria-smopyc-2023\/","name":"TECNOSPAN en el Sal\u00f3n Internacional de Maquinaria de Obras P\u00fablicas, Construcci\u00f3n y Miner\u00eda SMOPYC 2023 - Tecnospan","isPartOf":{"@id":"https:\/\/tecnospan.es\/#website"},"primaryImageOfPage":{"@id":"https:\/\/tecnospan.es\/tecnospan-en-el-salon-internacional-de-maquinaria-de-obras-publicas-construccion-y-mineria-smopyc-2023\/#primaryimage"},"image":{"@id":"https:\/\/tecnospan.es\/tecnospan-en-el-salon-internacional-de-maquinaria-de-obras-publicas-construccion-y-mineria-smopyc-2023\/#primaryimage"},"thumbnailUrl":"https:\/\/tecnospan.es\/wp-content\/uploads\/2023\/11\/smopyc-2023-Noticia-nov.png","datePublished":"2023-11-08T11:59:56+00:00","dateModified":"2023-11-08T11:59:57+00:00","breadcrumb":{"@id":"https:\/\/tecnospan.es\/tecnospan-en-el-salon-internacional-de-maquinaria-de-obras-publicas-construccion-y-mineria-smopyc-2023\/#breadcrumb"},"inLanguage":"fr-FR","potentialAction":[{"@type":"ReadAction","target":["https:\/\/tecnospan.es\/tecnospan-en-el-salon-internacional-de-maquinaria-de-obras-publicas-construccion-y-mineria-smopyc-2023\/"]}]},{"@type":"ImageObject","inLanguage":"fr-FR","@id":"https:\/\/tecnospan.es\/tecnospan-en-el-salon-internacional-de-maquinaria-de-obras-publicas-construccion-y-mineria-smopyc-2023\/#primaryimage","url":"https:\/\/tecnospan.es\/wp-content\/uploads\/2023\/11\/smopyc-2023-Noticia-nov.png","contentUrl":"https:\/\/tecnospan.es\/wp-content\/uploads\/2023\/11\/smopyc-2023-Noticia-nov.png","width":748,"height":311},{"@type":"BreadcrumbList","@id":"https:\/\/tecnospan.es\/tecnospan-en-el-salon-internacional-de-maquinaria-de-obras-publicas-construccion-y-mineria-smopyc-2023\/#breadcrumb","itemListElement":[{"@type":"ListItem","position":1,"name":"Portada","item":"https:\/\/tecnospan.es\/"},{"@type":"ListItem","position":2,"name":"TECNOSPAN en el Sal\u00f3n Internacional de Maquinaria de Obras P\u00fablicas, Construcci\u00f3n y Miner\u00eda SMOPYC 2023"}]},{"@type":"WebSite","@id":"https:\/\/tecnospan.es\/#website","url":"https:\/\/tecnospan.es\/","name":"Tecnospan","description":"","publisher":{"@id":"https:\/\/tecnospan.es\/#organization"},"potentialAction":[{"@type":"SearchAction","target":{"@type":"EntryPoint","urlTemplate":"https:\/\/tecnospan.es\/?s={search_term_string}"},"query-input":{"@type":"PropertyValueSpecification","valueRequired":true,"valueName":"search_term_string"}}],"inLanguage":"fr-FR"},{"@type":"Organization","@id":"https:\/\/tecnospan.es\/#organization","name":"Tecnospan","url":"https:\/\/tecnospan.es\/","logo":{"@type":"ImageObject","inLanguage":"fr-FR","@id":"https:\/\/tecnospan.es\/#\/schema\/logo\/image\/","url":"https:\/\/tecnospan.es\/wp-content\/uploads\/2023\/06\/logoTecnospan.png","contentUrl":"https:\/\/tecnospan.es\/wp-content\/uploads\/2023\/06\/logoTecnospan.png","width":300,"height":72,"caption":"Tecnospan"},"image":{"@id":"https:\/\/tecnospan.es\/#\/schema\/logo\/image\/"}},{"@type":"Person","@id":"https:\/\/tecnospan.es\/#\/schema\/person\/d5047760c265475c8ca3098ec04c3b02","name":"l'administration","image":{"@type":"ImageObject","inLanguage":"fr-FR","@id":"https:\/\/tecnospan.es\/#\/schema\/person\/image\/","url":"https:\/\/secure.gravatar.com\/avatar\/ea13c8c80ec577f522042e68a1c700aa686161cc61c1e31b41cdc9d52c9be6e5?s=96&d=mm&r=g","contentUrl":"https:\/\/secure.gravatar.com\/avatar\/ea13c8c80ec577f522042e68a1c700aa686161cc61c1e31b41cdc9d52c9be6e5?s=96&d=mm&r=g","caption":"admin"},"sameAs":["http:\/\/tecnospan.es"],"url":"https:\/\/tecnospan.es\/fr\/author\/admin\/"}]}},"_links":{"self":[{"href":"https:\/\/tecnospan.es\/fr\/wp-json\/wp\/v2\/posts\/1099","targetHints":{"allow":["GET"]}}],"collection":[{"href":"https:\/\/tecnospan.es\/fr\/wp-json\/wp\/v2\/posts"}],"about":[{"href":"https:\/\/tecnospan.es\/fr\/wp-json\/wp\/v2\/types\/post"}],"author":[{"embeddable":true,"href":"https:\/\/tecnospan.es\/fr\/wp-json\/wp\/v2\/users\/1"}],"replies":[{"embeddable":true,"href":"https:\/\/tecnospan.es\/fr\/wp-json\/wp\/v2\/comments?post=1099"}],"version-history":[{"count":0,"href":"https:\/\/tecnospan.es\/fr\/wp-json\/wp\/v2\/posts\/1099\/revisions"}],"wp:featuredmedia":[{"embeddable":true,"href":"https:\/\/tecnospan.es\/fr\/wp-json\/wp\/v2\/media\/1101"}],"wp:attachment":[{"href":"https:\/\/tecnospan.es\/fr\/wp-json\/wp\/v2\/media?parent=1099"}],"wp:term":[{"taxonomy":"category","embeddable":true,"href":"https:\/\/tecnospan.es\/fr\/wp-json\/wp\/v2\/categories?post=1099"},{"taxonomy":"post_tag","embeddable":true,"href":"https:\/\/tecnospan.es\/fr\/wp-json\/wp\/v2\/tags?post=1099"}],"curies":[{"name":"wp","href":"https:\/\/api.w.org\/{rel}","templated":true}]}}