{"id":444,"date":"2023-10-17T12:03:05","date_gmt":"2023-10-17T12:03:05","guid":{"rendered":"https:\/\/tecnospan.es\/?p=444"},"modified":"2023-11-08T12:05:26","modified_gmt":"2023-11-08T12:05:26","slug":"tecnospan-tomara-parte-en-la-proxima-edicion-de-la-feria-en-bauma-2022","status":"publish","type":"post","link":"https:\/\/tecnospan.es\/fr\/tecnospan-tomara-parte-en-la-proxima-edicion-de-la-feria-en-bauma-2022\/","title":{"rendered":"Tecnospan participera \u00e0 la prochaine \u00e9dition du salon Bauma 2022"},"content":{"rendered":"<p>Tecnospan participera \u00e0 la prochaine \u00e9dition du salon Bauma 2022, qui se tiendra \u00e0 Munich (Allemagne) du 24 au 30 octobre 2022.<\/p>\n\n\n\n<p>Bauma est un salon international consacr\u00e9 aux machines de construction, aux mat\u00e9riaux de construction, \u00e0 l'exploitation mini\u00e8re, aux v\u00e9hicules de construction et aux \u00e9quipements de construction. C'est un lieu important pour s'informer sur les nouveaux d\u00e9veloppements du march\u00e9, les derni\u00e8res technologies et pour \u00e9tablir des contacts.<\/p>\n\n\n\n<p>Au cours de l'exposition, o\u00f9 nous occuperons le stand 343 dans le hall 1, nous pr\u00e9senterons notre technologie, nos machines pour l'industrie du b\u00e9ton pr\u00e9contraint et nous exposerons des solutions innovantes pour r\u00e9pondre aux nouvelles tendances dans le secteur de la construction.<\/p>\n\n\n\n<figure class=\"wp-block-image size-full\"><img fetchpriority=\"high\" decoding=\"async\" width=\"720\" height=\"304\" src=\"https:\/\/tecnospan.es\/wp-content\/uploads\/2023\/10\/image-factory_media_messe-muenchen.jpg\" alt=\"\" class=\"wp-image-445\" srcset=\"https:\/\/tecnospan.es\/wp-content\/uploads\/2023\/10\/image-factory_media_messe-muenchen.jpg 720w, https:\/\/tecnospan.es\/wp-content\/uploads\/2023\/10\/image-factory_media_messe-muenchen-300x127.jpg 300w\" sizes=\"(max-width: 720px) 100vw, 720px\" \/><\/figure>","protected":false},"excerpt":{"rendered":"<p>Tecnospan participera \u00e0 la prochaine \u00e9dition du salon Bauma 2022, qui se tiendra \u00e0 Munich (Allemagne) du 24 au 30 octobre 2022. Bauma est un salon international consacr\u00e9 aux machines de construction, aux mat\u00e9riaux de construction, \u00e0 l'exploitation mini\u00e8re, aux v\u00e9hicules de construction et aux \u00e9quipements de construction. Il s'agit d'un ...<\/p>\n<p class=\"read-more\"> <a class=\"\" href=\"https:\/\/tecnospan.es\/fr\/tecnospan-tomara-parte-en-la-proxima-edicion-de-la-feria-en-bauma-2022\/\"> <span class=\"screen-reader-text\">Tecnospan participera \u00e0 la prochaine \u00e9dition du salon Bauma 2022<\/span> Lire la suite \"<\/a><\/p>","protected":false},"author":1,"featured_media":445,"comment_status":"open","ping_status":"open","sticky":false,"template":"","format":"standard","meta":{"site-sidebar-layout":"default","site-content-layout":"default","ast-global-header-display":"","ast-banner-title-visibility":"","ast-main-header-display":"","ast-hfb-above-header-display":"","ast-hfb-below-header-display":"","ast-hfb-mobile-header-display":"","site-post-title":"","ast-breadcrumbs-content":"","ast-featured-img":"","footer-sml-layout":"","theme-transparent-header-meta":"","adv-header-id-meta":"","stick-header-meta":"","header-above-stick-meta":"","header-main-stick-meta":"","header-below-stick-meta":"","footnotes":""},"categories":[1],"tags":[],"class_list":["post-444","post","type-post","status-publish","format-standard","has-post-thumbnail","hentry","category-uncategorized"],"yoast_head":"<!-- This site is optimized with the Yoast SEO plugin v26.0 - https:\/\/yoast.com\/wordpress\/plugins\/seo\/ -->\n<title>Tecnospan tomar\u00e1 parte en la pr\u00f3xima edici\u00f3n de la feria en Bauma 2022 - Tecnospan<\/title>\n<meta name=\"robots\" content=\"index, follow, max-snippet:-1, max-image-preview:large, max-video-preview:-1\" \/>\n<link rel=\"canonical\" href=\"https:\/\/tecnospan.es\/fr\/tecnospan-tomara-parte-en-la-proxima-edicion-de-la-feria-en-bauma-2022\/\" \/>\n<meta property=\"og:locale\" content=\"fr_FR\" \/>\n<meta property=\"og:type\" content=\"article\" \/>\n<meta property=\"og:title\" content=\"Tecnospan tomar\u00e1 parte en la pr\u00f3xima edici\u00f3n de la feria en Bauma 2022 - Tecnospan\" \/>\n<meta property=\"og:description\" content=\"Tecnospan tomar\u00e1 parte en la pr\u00f3xima edici\u00f3n de la feria en Bauma 2022, certamen que tendr\u00e1 lugar en M\u00fanich (Alemania) durante los pr\u00f3ximos d\u00edas 24 al 30 de octubre de 2022. Bauma es una feria internacional de maquinaria de construcci\u00f3n, de materiales de construcci\u00f3n, miner\u00eda, veh\u00edculos y equipos de construcci\u00f3n. Se trata de un importante &hellip; Tecnospan tomar\u00e1 parte en la pr\u00f3xima edici\u00f3n de la feria en Bauma 2022 Lire la suite\u00a0\u00bb\" \/>\n<meta property=\"og:url\" content=\"https:\/\/tecnospan.es\/fr\/tecnospan-tomara-parte-en-la-proxima-edicion-de-la-feria-en-bauma-2022\/\" \/>\n<meta property=\"og:site_name\" content=\"Tecnospan\" \/>\n<meta property=\"article:published_time\" content=\"2023-10-17T12:03:05+00:00\" \/>\n<meta property=\"article:modified_time\" content=\"2023-11-08T12:05:26+00:00\" \/>\n<meta property=\"og:image\" content=\"https:\/\/tecnospan.es\/wp-content\/uploads\/2023\/10\/image-factory_media_messe-muenchen.jpg\" \/>\n\t<meta property=\"og:image:width\" content=\"720\" \/>\n\t<meta property=\"og:image:height\" content=\"304\" \/>\n\t<meta property=\"og:image:type\" content=\"image\/jpeg\" \/>\n<meta name=\"author\" content=\"admin\" \/>\n<meta name=\"twitter:card\" content=\"summary_large_image\" \/>\n<meta name=\"twitter:label1\" content=\"\u00c9crit par\" \/>\n\t<meta name=\"twitter:data1\" content=\"admin\" \/>\n\t<meta name=\"twitter:label2\" content=\"Dur\u00e9e de lecture estim\u00e9e\" \/>\n\t<meta name=\"twitter:data2\" content=\"1 minute\" \/>\n<script type=\"application\/ld+json\" class=\"yoast-schema-graph\">{\"@context\":\"https:\/\/schema.org\",\"@graph\":[{\"@type\":\"Article\",\"@id\":\"https:\/\/tecnospan.es\/tecnospan-tomara-parte-en-la-proxima-edicion-de-la-feria-en-bauma-2022\/#article\",\"isPartOf\":{\"@id\":\"https:\/\/tecnospan.es\/tecnospan-tomara-parte-en-la-proxima-edicion-de-la-feria-en-bauma-2022\/\"},\"author\":{\"name\":\"admin\",\"@id\":\"https:\/\/tecnospan.es\/#\/schema\/person\/d5047760c265475c8ca3098ec04c3b02\"},\"headline\":\"Tecnospan tomar\u00e1 parte en la pr\u00f3xima edici\u00f3n de la feria en Bauma 2022\",\"datePublished\":\"2023-10-17T12:03:05+00:00\",\"dateModified\":\"2023-11-08T12:05:26+00:00\",\"mainEntityOfPage\":{\"@id\":\"https:\/\/tecnospan.es\/tecnospan-tomara-parte-en-la-proxima-edicion-de-la-feria-en-bauma-2022\/\"},\"wordCount\":137,\"commentCount\":0,\"publisher\":{\"@id\":\"https:\/\/tecnospan.es\/#organization\"},\"image\":{\"@id\":\"https:\/\/tecnospan.es\/tecnospan-tomara-parte-en-la-proxima-edicion-de-la-feria-en-bauma-2022\/#primaryimage\"},\"thumbnailUrl\":\"https:\/\/tecnospan.es\/wp-content\/uploads\/2023\/10\/image-factory_media_messe-muenchen.jpg\",\"articleSection\":[\"Uncategorized\"],\"inLanguage\":\"fr-FR\",\"potentialAction\":[{\"@type\":\"CommentAction\",\"name\":\"Comment\",\"target\":[\"https:\/\/tecnospan.es\/tecnospan-tomara-parte-en-la-proxima-edicion-de-la-feria-en-bauma-2022\/#respond\"]}]},{\"@type\":\"WebPage\",\"@id\":\"https:\/\/tecnospan.es\/tecnospan-tomara-parte-en-la-proxima-edicion-de-la-feria-en-bauma-2022\/\",\"url\":\"https:\/\/tecnospan.es\/tecnospan-tomara-parte-en-la-proxima-edicion-de-la-feria-en-bauma-2022\/\",\"name\":\"Tecnospan tomar\u00e1 parte en la pr\u00f3xima edici\u00f3n de la feria en Bauma 2022 - Tecnospan\",\"isPartOf\":{\"@id\":\"https:\/\/tecnospan.es\/#website\"},\"primaryImageOfPage\":{\"@id\":\"https:\/\/tecnospan.es\/tecnospan-tomara-parte-en-la-proxima-edicion-de-la-feria-en-bauma-2022\/#primaryimage\"},\"image\":{\"@id\":\"https:\/\/tecnospan.es\/tecnospan-tomara-parte-en-la-proxima-edicion-de-la-feria-en-bauma-2022\/#primaryimage\"},\"thumbnailUrl\":\"https:\/\/tecnospan.es\/wp-content\/uploads\/2023\/10\/image-factory_media_messe-muenchen.jpg\",\"datePublished\":\"2023-10-17T12:03:05+00:00\",\"dateModified\":\"2023-11-08T12:05:26+00:00\",\"breadcrumb\":{\"@id\":\"https:\/\/tecnospan.es\/tecnospan-tomara-parte-en-la-proxima-edicion-de-la-feria-en-bauma-2022\/#breadcrumb\"},\"inLanguage\":\"fr-FR\",\"potentialAction\":[{\"@type\":\"ReadAction\",\"target\":[\"https:\/\/tecnospan.es\/tecnospan-tomara-parte-en-la-proxima-edicion-de-la-feria-en-bauma-2022\/\"]}]},{\"@type\":\"ImageObject\",\"inLanguage\":\"fr-FR\",\"@id\":\"https:\/\/tecnospan.es\/tecnospan-tomara-parte-en-la-proxima-edicion-de-la-feria-en-bauma-2022\/#primaryimage\",\"url\":\"https:\/\/tecnospan.es\/wp-content\/uploads\/2023\/10\/image-factory_media_messe-muenchen.jpg\",\"contentUrl\":\"https:\/\/tecnospan.es\/wp-content\/uploads\/2023\/10\/image-factory_media_messe-muenchen.jpg\",\"width\":720,\"height\":304},{\"@type\":\"BreadcrumbList\",\"@id\":\"https:\/\/tecnospan.es\/tecnospan-tomara-parte-en-la-proxima-edicion-de-la-feria-en-bauma-2022\/#breadcrumb\",\"itemListElement\":[{\"@type\":\"ListItem\",\"position\":1,\"name\":\"Portada\",\"item\":\"https:\/\/tecnospan.es\/\"},{\"@type\":\"ListItem\",\"position\":2,\"name\":\"Tecnospan tomar\u00e1 parte en la pr\u00f3xima edici\u00f3n de la feria en Bauma 2022\"}]},{\"@type\":\"WebSite\",\"@id\":\"https:\/\/tecnospan.es\/#website\",\"url\":\"https:\/\/tecnospan.es\/\",\"name\":\"Tecnospan\",\"description\":\"\",\"publisher\":{\"@id\":\"https:\/\/tecnospan.es\/#organization\"},\"potentialAction\":[{\"@type\":\"SearchAction\",\"target\":{\"@type\":\"EntryPoint\",\"urlTemplate\":\"https:\/\/tecnospan.es\/?s={search_term_string}\"},\"query-input\":{\"@type\":\"PropertyValueSpecification\",\"valueRequired\":true,\"valueName\":\"search_term_string\"}}],\"inLanguage\":\"fr-FR\"},{\"@type\":\"Organization\",\"@id\":\"https:\/\/tecnospan.es\/#organization\",\"name\":\"Tecnospan\",\"url\":\"https:\/\/tecnospan.es\/\",\"logo\":{\"@type\":\"ImageObject\",\"inLanguage\":\"fr-FR\",\"@id\":\"https:\/\/tecnospan.es\/#\/schema\/logo\/image\/\",\"url\":\"https:\/\/tecnospan.es\/wp-content\/uploads\/2023\/06\/logoTecnospan.png\",\"contentUrl\":\"https:\/\/tecnospan.es\/wp-content\/uploads\/2023\/06\/logoTecnospan.png\",\"width\":300,\"height\":72,\"caption\":\"Tecnospan\"},\"image\":{\"@id\":\"https:\/\/tecnospan.es\/#\/schema\/logo\/image\/\"}},{\"@type\":\"Person\",\"@id\":\"https:\/\/tecnospan.es\/#\/schema\/person\/d5047760c265475c8ca3098ec04c3b02\",\"name\":\"admin\",\"image\":{\"@type\":\"ImageObject\",\"inLanguage\":\"fr-FR\",\"@id\":\"https:\/\/tecnospan.es\/#\/schema\/person\/image\/\",\"url\":\"https:\/\/secure.gravatar.com\/avatar\/ea13c8c80ec577f522042e68a1c700aa686161cc61c1e31b41cdc9d52c9be6e5?s=96&d=mm&r=g\",\"contentUrl\":\"https:\/\/secure.gravatar.com\/avatar\/ea13c8c80ec577f522042e68a1c700aa686161cc61c1e31b41cdc9d52c9be6e5?s=96&d=mm&r=g\",\"caption\":\"admin\"},\"sameAs\":[\"http:\/\/tecnospan.es\"],\"url\":\"https:\/\/tecnospan.es\/fr\/author\/admin\/\"}]}<\/script>\n<!-- \/ Yoast SEO plugin. -->","yoast_head_json":{"title":"Tecnospan tomar\u00e1 parte en la pr\u00f3xima edici\u00f3n de la feria en Bauma 2022 - Tecnospan","robots":{"index":"index","follow":"follow","max-snippet":"max-snippet:-1","max-image-preview":"max-image-preview:large","max-video-preview":"max-video-preview:-1"},"canonical":"https:\/\/tecnospan.es\/fr\/tecnospan-tomara-parte-en-la-proxima-edicion-de-la-feria-en-bauma-2022\/","og_locale":"fr_FR","og_type":"article","og_title":"Tecnospan tomar\u00e1 parte en la pr\u00f3xima edici\u00f3n de la feria en Bauma 2022 - Tecnospan","og_description":"Tecnospan tomar\u00e1 parte en la pr\u00f3xima edici\u00f3n de la feria en Bauma 2022, certamen que tendr\u00e1 lugar en M\u00fanich (Alemania) durante los pr\u00f3ximos d\u00edas 24 al 30 de octubre de 2022. Bauma es una feria internacional de maquinaria de construcci\u00f3n, de materiales de construcci\u00f3n, miner\u00eda, veh\u00edculos y equipos de construcci\u00f3n. Se trata de un importante &hellip; Tecnospan tomar\u00e1 parte en la pr\u00f3xima edici\u00f3n de la feria en Bauma 2022 Lire la suite\u00a0\u00bb","og_url":"https:\/\/tecnospan.es\/fr\/tecnospan-tomara-parte-en-la-proxima-edicion-de-la-feria-en-bauma-2022\/","og_site_name":"Tecnospan","article_published_time":"2023-10-17T12:03:05+00:00","article_modified_time":"2023-11-08T12:05:26+00:00","og_image":[{"width":720,"height":304,"url":"https:\/\/tecnospan.es\/wp-content\/uploads\/2023\/10\/image-factory_media_messe-muenchen.jpg","type":"image\/jpeg"}],"author":"admin","twitter_card":"summary_large_image","twitter_misc":{"\u00c9crit par":"admin","Dur\u00e9e de lecture estim\u00e9e":"1 minute"},"schema":{"@context":"https:\/\/schema.org","@graph":[{"@type":"Article","@id":"https:\/\/tecnospan.es\/tecnospan-tomara-parte-en-la-proxima-edicion-de-la-feria-en-bauma-2022\/#article","isPartOf":{"@id":"https:\/\/tecnospan.es\/tecnospan-tomara-parte-en-la-proxima-edicion-de-la-feria-en-bauma-2022\/"},"author":{"name":"admin","@id":"https:\/\/tecnospan.es\/#\/schema\/person\/d5047760c265475c8ca3098ec04c3b02"},"headline":"Tecnospan tomar\u00e1 parte en la pr\u00f3xima edici\u00f3n de la feria en Bauma 2022","datePublished":"2023-10-17T12:03:05+00:00","dateModified":"2023-11-08T12:05:26+00:00","mainEntityOfPage":{"@id":"https:\/\/tecnospan.es\/tecnospan-tomara-parte-en-la-proxima-edicion-de-la-feria-en-bauma-2022\/"},"wordCount":137,"commentCount":0,"publisher":{"@id":"https:\/\/tecnospan.es\/#organization"},"image":{"@id":"https:\/\/tecnospan.es\/tecnospan-tomara-parte-en-la-proxima-edicion-de-la-feria-en-bauma-2022\/#primaryimage"},"thumbnailUrl":"https:\/\/tecnospan.es\/wp-content\/uploads\/2023\/10\/image-factory_media_messe-muenchen.jpg","articleSection":["Uncategorized"],"inLanguage":"fr-FR","potentialAction":[{"@type":"CommentAction","name":"Comment","target":["https:\/\/tecnospan.es\/tecnospan-tomara-parte-en-la-proxima-edicion-de-la-feria-en-bauma-2022\/#respond"]}]},{"@type":"WebPage","@id":"https:\/\/tecnospan.es\/tecnospan-tomara-parte-en-la-proxima-edicion-de-la-feria-en-bauma-2022\/","url":"https:\/\/tecnospan.es\/tecnospan-tomara-parte-en-la-proxima-edicion-de-la-feria-en-bauma-2022\/","name":"Tecnospan tomar\u00e1 parte en la pr\u00f3xima edici\u00f3n de la feria en Bauma 2022 - Tecnospan","isPartOf":{"@id":"https:\/\/tecnospan.es\/#website"},"primaryImageOfPage":{"@id":"https:\/\/tecnospan.es\/tecnospan-tomara-parte-en-la-proxima-edicion-de-la-feria-en-bauma-2022\/#primaryimage"},"image":{"@id":"https:\/\/tecnospan.es\/tecnospan-tomara-parte-en-la-proxima-edicion-de-la-feria-en-bauma-2022\/#primaryimage"},"thumbnailUrl":"https:\/\/tecnospan.es\/wp-content\/uploads\/2023\/10\/image-factory_media_messe-muenchen.jpg","datePublished":"2023-10-17T12:03:05+00:00","dateModified":"2023-11-08T12:05:26+00:00","breadcrumb":{"@id":"https:\/\/tecnospan.es\/tecnospan-tomara-parte-en-la-proxima-edicion-de-la-feria-en-bauma-2022\/#breadcrumb"},"inLanguage":"fr-FR","potentialAction":[{"@type":"ReadAction","target":["https:\/\/tecnospan.es\/tecnospan-tomara-parte-en-la-proxima-edicion-de-la-feria-en-bauma-2022\/"]}]},{"@type":"ImageObject","inLanguage":"fr-FR","@id":"https:\/\/tecnospan.es\/tecnospan-tomara-parte-en-la-proxima-edicion-de-la-feria-en-bauma-2022\/#primaryimage","url":"https:\/\/tecnospan.es\/wp-content\/uploads\/2023\/10\/image-factory_media_messe-muenchen.jpg","contentUrl":"https:\/\/tecnospan.es\/wp-content\/uploads\/2023\/10\/image-factory_media_messe-muenchen.jpg","width":720,"height":304},{"@type":"BreadcrumbList","@id":"https:\/\/tecnospan.es\/tecnospan-tomara-parte-en-la-proxima-edicion-de-la-feria-en-bauma-2022\/#breadcrumb","itemListElement":[{"@type":"ListItem","position":1,"name":"Portada","item":"https:\/\/tecnospan.es\/"},{"@type":"ListItem","position":2,"name":"Tecnospan tomar\u00e1 parte en la pr\u00f3xima edici\u00f3n de la feria en Bauma 2022"}]},{"@type":"WebSite","@id":"https:\/\/tecnospan.es\/#website","url":"https:\/\/tecnospan.es\/","name":"Tecnospan","description":"","publisher":{"@id":"https:\/\/tecnospan.es\/#organization"},"potentialAction":[{"@type":"SearchAction","target":{"@type":"EntryPoint","urlTemplate":"https:\/\/tecnospan.es\/?s={search_term_string}"},"query-input":{"@type":"PropertyValueSpecification","valueRequired":true,"valueName":"search_term_string"}}],"inLanguage":"fr-FR"},{"@type":"Organization","@id":"https:\/\/tecnospan.es\/#organization","name":"Tecnospan","url":"https:\/\/tecnospan.es\/","logo":{"@type":"ImageObject","inLanguage":"fr-FR","@id":"https:\/\/tecnospan.es\/#\/schema\/logo\/image\/","url":"https:\/\/tecnospan.es\/wp-content\/uploads\/2023\/06\/logoTecnospan.png","contentUrl":"https:\/\/tecnospan.es\/wp-content\/uploads\/2023\/06\/logoTecnospan.png","width":300,"height":72,"caption":"Tecnospan"},"image":{"@id":"https:\/\/tecnospan.es\/#\/schema\/logo\/image\/"}},{"@type":"Person","@id":"https:\/\/tecnospan.es\/#\/schema\/person\/d5047760c265475c8ca3098ec04c3b02","name":"l'administration","image":{"@type":"ImageObject","inLanguage":"fr-FR","@id":"https:\/\/tecnospan.es\/#\/schema\/person\/image\/","url":"https:\/\/secure.gravatar.com\/avatar\/ea13c8c80ec577f522042e68a1c700aa686161cc61c1e31b41cdc9d52c9be6e5?s=96&d=mm&r=g","contentUrl":"https:\/\/secure.gravatar.com\/avatar\/ea13c8c80ec577f522042e68a1c700aa686161cc61c1e31b41cdc9d52c9be6e5?s=96&d=mm&r=g","caption":"admin"},"sameAs":["http:\/\/tecnospan.es"],"url":"https:\/\/tecnospan.es\/fr\/author\/admin\/"}]}},"_links":{"self":[{"href":"https:\/\/tecnospan.es\/fr\/wp-json\/wp\/v2\/posts\/444","targetHints":{"allow":["GET"]}}],"collection":[{"href":"https:\/\/tecnospan.es\/fr\/wp-json\/wp\/v2\/posts"}],"about":[{"href":"https:\/\/tecnospan.es\/fr\/wp-json\/wp\/v2\/types\/post"}],"author":[{"embeddable":true,"href":"https:\/\/tecnospan.es\/fr\/wp-json\/wp\/v2\/users\/1"}],"replies":[{"embeddable":true,"href":"https:\/\/tecnospan.es\/fr\/wp-json\/wp\/v2\/comments?post=444"}],"version-history":[{"count":0,"href":"https:\/\/tecnospan.es\/fr\/wp-json\/wp\/v2\/posts\/444\/revisions"}],"wp:featuredmedia":[{"embeddable":true,"href":"https:\/\/tecnospan.es\/fr\/wp-json\/wp\/v2\/media\/445"}],"wp:attachment":[{"href":"https:\/\/tecnospan.es\/fr\/wp-json\/wp\/v2\/media?parent=444"}],"wp:term":[{"taxonomy":"category","embeddable":true,"href":"https:\/\/tecnospan.es\/fr\/wp-json\/wp\/v2\/categories?post=444"},{"taxonomy":"post_tag","embeddable":true,"href":"https:\/\/tecnospan.es\/fr\/wp-json\/wp\/v2\/tags?post=444"}],"curies":[{"name":"wp","href":"https:\/\/api.w.org\/{rel}","templated":true}]}}